{"id":37,"date":"2012-12-16T12:57:56","date_gmt":"2012-12-16T12:57:56","guid":{"rendered":"http:\/\/ruirib.net\/blog\/?p=37"},"modified":"2013-10-18T09:44:21","modified_gmt":"2013-10-18T09:44:21","slug":"irritacoes-matinais","status":"publish","type":"post","link":"https:\/\/ruirib.net\/index.php\/2012\/12\/irritacoes-matinais\/","title":{"rendered":"Irrita\u00e7\u00f5es matinais"},"content":{"rendered":"<style type=\"text\/css\"><\/style><p>Confesso que o meu respeito pelo jornalismo nacional j\u00e1 viu melhores dias. Com rar\u00edssimas (mas honrosas) excep\u00e7\u00f5es, a classe jornal\u00edstica, n\u00e3o passa de um conjunto de alinhados em torno de interesses mais ou menos evidentes, sejam pol\u00edticos ou econ\u00f3micos. Uns fazem-no melhor, outros fazem-no pior, outros ainda n\u00e3o passam da mais rasca incompet\u00eancia.<\/p>\r\n<p>H\u00e1 dias em que nem o P\u00fablico se safa. O destaque dado hoje a <a href=\"http:\/\/www.publico.pt\/cultura\/noticia\/relatorio-militar-revela-que-tropas-portuguesas-participaram-em-decapitacoes-1577624\">uma not\u00edcia sobre a guerra colonial<\/a>\u00a0\u00e9 um p\u00e9ssimo servi\u00e7o a um conjunto de artigos que, admito, acaba por cobrir de uma forma equilibrada o tema em quest\u00e3o. Pergunto-me, por isso, por que carga de \u00e1gua \u00e9 que algu\u00e9m d\u00e1 a uma not\u00edcia o tom mais panflet\u00e1rio poss\u00edvel, desqualificando uma equilibrada an\u00e1lise do tema no artigo em causa e nos restantes que o acompanham. Pior que isso, s\u00f3 mesmo o editorial, que nos traz mais uma vez para o que parece ser uma expia\u00e7\u00e3o do pecado do colonialismo. N\u00e3o h\u00e1 pachorra! A guerra colonial come\u00e7ou h\u00e1 mais de 50 anos! As guerras s\u00e3o sujas, todas as guerras. N\u00e3o, n\u00e3o temos que nos sentir culpados do que se passou. Repito, foi h\u00e1 50 anos!<\/p>\r\n<p>Como um mal nunca vem s\u00f3, <a href=\"http:\/\/www.publico.pt\/politica\/noticia\/ana-gomes-portas-precisa-de-estar-no-governo-para-garantir-imunidade-em-relacao-a-justica-1577553\">embora aqui a culpa n\u00e3o seja do P\u00fablico<\/a>, a inef\u00e1vel Ana Gomes, continua com as demonstra\u00e7\u00f5es di\u00e1rias da sua completa imbecilidade pol\u00edtica. Sim, j\u00e1 sabemos, Portas n\u00e3o \u00e9 flor que se cheire (tenho bem presente o epis\u00f3dio dos dep\u00f3sitos de dinheiro por funcion\u00e1rios do CDS, em quantias cirurgicamente abaixo do limiar que obrigaria ao reporte das quantias ao banco de Portugal), mas confesso que me causa uma visceral repulsa ver algu\u00e9m que est\u00e1 ligada ao partido que acefalamente aclamou S\u00f3crates, cujo percurso pessoal e do respectivo governo \u00e9 imaculado, como sabemos, revelar esta falta de capacidade para olhar, em primeiro lugar, para a organiza\u00e7\u00e3o mafiosa da qual \u00e9 (injustamente) membro de destaque. Sim, s\u00e3o todos iguais, estes pol\u00edticos.<\/p>\r\n<p>Pol\u00edticos e jornalistas, e uma manh\u00e3 de irrita\u00e7\u00f5es. Que desperd\u00edcio!<\/p>\r\n<p>&nbsp;<\/p>","protected":false},"excerpt":{"rendered":"Confesso que o meu respeito pelo jornalismo nacional j\u00e1 viu melhores dias. Com rar\u00edssimas (mas honrosas) excep\u00e7\u00f5es, a classe jornal\u00edstica, n\u00e3o passa de um conjunto de alinhados em torno de interesses mais ou menos evidentes, sejam pol\u00edticos ou econ\u00f3micos. Uns fazem-no melhor, outros fazem-no pior, outros ainda n\u00e3o passam da mais rasca incompet\u00eancia. H\u00e1 dias&#8230;","protected":false},"author":1,"featured_media":0,"comment_status":"open","ping_status":"closed","sticky":false,"template":"","format":"standard","meta":{"footnotes":""},"categories":[4],"tags":[12,11,254,13],"class_list":["post-37","post","type-post","status-publish","format-standard","hentry","category-politics","tag-ana-gomes","tag-journalism","tag-politics","tag-publico"],"_links":{"self":[{"href":"https:\/\/ruirib.net\/index.php\/wp-json\/wp\/v2\/posts\/37","targetHints":{"allow":["GET"]}}],"collection":[{"href":"https:\/\/ruirib.net\/index.php\/wp-json\/wp\/v2\/posts"}],"about":[{"href":"https:\/\/ruirib.net\/index.php\/wp-json\/wp\/v2\/types\/post"}],"author":[{"embeddable":true,"href":"https:\/\/ruirib.net\/index.php\/wp-json\/wp\/v2\/users\/1"}],"replies":[{"embeddable":true,"href":"https:\/\/ruirib.net\/index.php\/wp-json\/wp\/v2\/comments?post=37"}],"version-history":[{"count":8,"href":"https:\/\/ruirib.net\/index.php\/wp-json\/wp\/v2\/posts\/37\/revisions"}],"predecessor-version":[{"id":389,"href":"https:\/\/ruirib.net\/index.php\/wp-json\/wp\/v2\/posts\/37\/revisions\/389"}],"wp:attachment":[{"href":"https:\/\/ruirib.net\/index.php\/wp-json\/wp\/v2\/media?parent=37"}],"wp:term":[{"taxonomy":"category","embeddable":true,"href":"https:\/\/ruirib.net\/index.php\/wp-json\/wp\/v2\/categories?post=37"},{"taxonomy":"post_tag","embeddable":true,"href":"https:\/\/ruirib.net\/index.php\/wp-json\/wp\/v2\/tags?post=37"}],"curies":[{"name":"wp","href":"https:\/\/api.w.org\/{rel}","templated":true}]}}